{"id":17833,"date":"2016-04-29T11:44:51","date_gmt":"2016-04-29T09:44:51","guid":{"rendered":"https:\/\/www.arno.es\/nuevo-espigon-central-al-puerto-de-las-casas-de-alcanar\/"},"modified":"2016-04-29T11:44:51","modified_gmt":"2016-04-29T11:44:51","slug":"nuevo-espigon-central-al-puerto-de-las-casas-de-alcanar","status":"publish","type":"post","link":"https:\/\/www.arno.es\/ca\/nuevo-espigon-central-al-puerto-de-las-casas-de-alcanar\/","title":{"rendered":"Nuevo espig\u00f3n central al puerto de Las Casas de Alcanar"},"content":{"rendered":"<p>Ports de la Generalitat ha adjudicat a Benito Arn\u00f3 e Hijos SAU el contracte d\u2019obres de l\u2019espig\u00f3 central al port de Les Cases d\u2019Alcanar.<\/p>\n<p>Els treballs, per un import de 103.483,84 \u20ac, consistiran en la nova construcci\u00f3 de l\u2019estructura de la plataforma d\u2019atracament aprofitant com a recolzament les piles existents de l\u2019anterior estructura.<\/p>\n<p>El port pesquer i esportiu de les Cases d\u2019Alcanar \u00e9s el m\u00e9s meridional de tots els ports catalans, ja que es troba a poca dist\u00e0ncia de la desembocadura del riu S\u00e9nia, que marca la frontera amb la Comunitat Valenciana.<\/p>\n<p>L\u2019entitat de dret p\u00fablic Ports de la Generalitat, adscrita al Departament de Pol\u00edtica Territorial i Obres P\u00fabliques de la Generalitat de Catalunya, t\u00e9 com a finalitat gestionar el domini p\u00fablic portuari que t\u00e9 adscrit per la pr\u00f2pia llei de creaci\u00f3, i els que per acord del Govern se li adscriguin.<\/p>\n<p><a href=\"https:\/\/www.arno.es\/wp-content\/uploads\/2016\/04\/Port_LesCasesdAlcanar-Ports-Generalitat1.png\"><img decoding=\"async\" class=\"aligncenter size-full wp-image-9969\" src=\"https:\/\/www.arno.es\/wp-content\/uploads\/2016\/04\/Port_LesCasesdAlcanar-Ports-Generalitat1.png\" alt=\"Port Les Cases d'Alcanar Ports Generalitat\" width=\"897\" height=\"572\" \/><\/a><\/p>\n","protected":false},"excerpt":{"rendered":"<p>Ports de la Generalitat ha adjudicat a Benito Arn\u00f3 e Hijos SAU el contracte d\u2019obres de l\u2019espig\u00f3 central al port de Les Cases d\u2019Alcanar. Els treballs, per un import de 103.483,84 \u20ac, consistiran en la nova construcci\u00f3 de l\u2019estructura de la plataforma d\u2019atracament aprofitant com a recolzament les piles existents de l\u2019anterior estructura. El port<\/p>\n","protected":false},"author":11,"featured_media":0,"comment_status":"closed","ping_status":"open","sticky":false,"template":"","format":"standard","meta":{"footnotes":""},"categories":[214,555],"tags":[],"class_list":["post-17833","post","type-post","status-publish","format-standard","hentry","category-adjudicaciones","category-adjudicacions"],"yoast_head":"<!-- This site is optimized with the Yoast SEO plugin v27.4 - https:\/\/yoast.com\/product\/yoast-seo-wordpress\/ -->\n<title>Nuevo espig\u00f3n central al puerto de Las Casas de Alcanar - Benito Arn\u00f3<\/title>\n<meta name=\"description\" content=\"Nuevo espig\u00f3n central al puerto de Las Casas de Alcanar - Ports de la Generalitat ha adjudicat a Benito Arn\u00f3 e Hijos SAU el contracte d\u2019obres de l\u2019espig\u00f3 central al port de Les Cases d\u2019Alcanar. Els treballs, per\" \/>\n<meta name=\"robots\" content=\"index, follow, max-snippet:-1, max-image-preview:large, max-video-preview:-1\" \/>\n<link rel=\"canonical\" href=\"https:\/\/www.arno.es\/ca\/nuevo-espigon-central-al-puerto-de-las-casas-de-alcanar\/\" \/>\n<meta property=\"og:locale\" content=\"ca_ES\" \/>\n<meta property=\"og:type\" content=\"article\" \/>\n<meta property=\"og:title\" content=\"Nuevo espig\u00f3n central al puerto de Las Casas de Alcanar - Benito Arn\u00f3\" \/>\n<meta property=\"og:description\" content=\"Nuevo espig\u00f3n central al puerto de Las Casas de Alcanar - Ports de la Generalitat ha adjudicat a Benito Arn\u00f3 e Hijos SAU el contracte d\u2019obres de l\u2019espig\u00f3 central al port de Les Cases d\u2019Alcanar. Els treballs, per\" \/>\n<meta property=\"og:url\" content=\"https:\/\/www.arno.es\/ca\/nuevo-espigon-central-al-puerto-de-las-casas-de-alcanar\/\" \/>\n<meta property=\"og:site_name\" content=\"Benito Arn\u00f3\" \/>\n<meta property=\"article:publisher\" content=\"https:\/\/www.facebook.com\/BenitoArno\/\" \/>\n<meta property=\"article:published_time\" content=\"2016-04-29T09:44:51+00:00\" \/>\n<meta property=\"article:modified_time\" content=\"2016-04-29T11:44:51+00:00\" \/>\n<meta property=\"og:image\" content=\"https:\/\/www.arno.es\/wp-content\/uploads\/2016\/04\/Port_LesCasesdAlcanar-Ports-Generalitat1.png\" \/>\n<meta name=\"author\" content=\"informatica\" \/>\n<meta name=\"twitter:card\" content=\"summary_large_image\" \/>\n<meta name=\"twitter:creator\" content=\"@benito_arno\" \/>\n<meta name=\"twitter:site\" content=\"@benito_arno\" \/>\n<meta name=\"twitter:label1\" content=\"Escrit per\" \/>\n\t<meta name=\"twitter:data1\" content=\"informatica\" \/>\n\t<meta name=\"twitter:label2\" content=\"Temps estimat de lectura\" \/>\n\t<meta name=\"twitter:data2\" content=\"1 minut\" \/>\n<script type=\"application\/ld+json\" class=\"yoast-schema-graph\">{\"@context\":\"https:\\\/\\\/schema.org\",\"@graph\":[{\"@type\":\"Article\",\"@id\":\"https:\\\/\\\/www.arno.es\\\/ca\\\/nuevo-espigon-central-al-puerto-de-las-casas-de-alcanar\\\/#article\",\"isPartOf\":{\"@id\":\"https:\\\/\\\/www.arno.es\\\/ca\\\/nuevo-espigon-central-al-puerto-de-las-casas-de-alcanar\\\/\"},\"author\":{\"name\":\"informatica\",\"@id\":\"https:\\\/\\\/www.arno.es\\\/ca\\\/#\\\/schema\\\/person\\\/bac84f64370d13c669d46ad180f7ae59\"},\"headline\":\"Nuevo espig\u00f3n central al puerto de Las Casas de Alcanar\",\"datePublished\":\"2016-04-29T09:44:51+00:00\",\"dateModified\":\"2016-04-29T11:44:51+00:00\",\"mainEntityOfPage\":{\"@id\":\"https:\\\/\\\/www.arno.es\\\/ca\\\/nuevo-espigon-central-al-puerto-de-las-casas-de-alcanar\\\/\"},\"wordCount\":167,\"publisher\":{\"@id\":\"https:\\\/\\\/www.arno.es\\\/ca\\\/#organization\"},\"image\":{\"@id\":\"https:\\\/\\\/www.arno.es\\\/ca\\\/nuevo-espigon-central-al-puerto-de-las-casas-de-alcanar\\\/#primaryimage\"},\"thumbnailUrl\":\"https:\\\/\\\/www.arno.es\\\/wp-content\\\/uploads\\\/2016\\\/04\\\/Port_LesCasesdAlcanar-Ports-Generalitat1.png\",\"articleSection\":[\"Adjudicaciones\",\"Adjudicacions\"],\"inLanguage\":\"ca\"},{\"@type\":\"WebPage\",\"@id\":\"https:\\\/\\\/www.arno.es\\\/ca\\\/nuevo-espigon-central-al-puerto-de-las-casas-de-alcanar\\\/\",\"url\":\"https:\\\/\\\/www.arno.es\\\/ca\\\/nuevo-espigon-central-al-puerto-de-las-casas-de-alcanar\\\/\",\"name\":\"Nuevo espig\u00f3n central al puerto de Las Casas de Alcanar - Benito Arn\u00f3\",\"isPartOf\":{\"@id\":\"https:\\\/\\\/www.arno.es\\\/ca\\\/#website\"},\"primaryImageOfPage\":{\"@id\":\"https:\\\/\\\/www.arno.es\\\/ca\\\/nuevo-espigon-central-al-puerto-de-las-casas-de-alcanar\\\/#primaryimage\"},\"image\":{\"@id\":\"https:\\\/\\\/www.arno.es\\\/ca\\\/nuevo-espigon-central-al-puerto-de-las-casas-de-alcanar\\\/#primaryimage\"},\"thumbnailUrl\":\"https:\\\/\\\/www.arno.es\\\/wp-content\\\/uploads\\\/2016\\\/04\\\/Port_LesCasesdAlcanar-Ports-Generalitat1.png\",\"datePublished\":\"2016-04-29T09:44:51+00:00\",\"dateModified\":\"2016-04-29T11:44:51+00:00\",\"description\":\"Nuevo espig\u00f3n central al puerto de Las Casas de Alcanar - Ports de la Generalitat ha adjudicat a Benito Arn\u00f3 e Hijos SAU el contracte d\u2019obres de l\u2019espig\u00f3 central al port de Les Cases d\u2019Alcanar. Els treballs, per\",\"breadcrumb\":{\"@id\":\"https:\\\/\\\/www.arno.es\\\/ca\\\/nuevo-espigon-central-al-puerto-de-las-casas-de-alcanar\\\/#breadcrumb\"},\"inLanguage\":\"ca\",\"potentialAction\":[{\"@type\":\"ReadAction\",\"target\":[\"https:\\\/\\\/www.arno.es\\\/ca\\\/nuevo-espigon-central-al-puerto-de-las-casas-de-alcanar\\\/\"]}]},{\"@type\":\"ImageObject\",\"inLanguage\":\"ca\",\"@id\":\"https:\\\/\\\/www.arno.es\\\/ca\\\/nuevo-espigon-central-al-puerto-de-las-casas-de-alcanar\\\/#primaryimage\",\"url\":\"https:\\\/\\\/www.arno.es\\\/wp-content\\\/uploads\\\/2016\\\/04\\\/Port_LesCasesdAlcanar-Ports-Generalitat1.png\",\"contentUrl\":\"https:\\\/\\\/www.arno.es\\\/wp-content\\\/uploads\\\/2016\\\/04\\\/Port_LesCasesdAlcanar-Ports-Generalitat1.png\"},{\"@type\":\"BreadcrumbList\",\"@id\":\"https:\\\/\\\/www.arno.es\\\/ca\\\/nuevo-espigon-central-al-puerto-de-las-casas-de-alcanar\\\/#breadcrumb\",\"itemListElement\":[{\"@type\":\"ListItem\",\"position\":1,\"name\":\"Portada\",\"item\":\"https:\\\/\\\/www.arno.es\\\/ca\\\/\"},{\"@type\":\"ListItem\",\"position\":2,\"name\":\"Nuevo espig\u00f3n central al puerto de Las Casas de Alcanar\"}]},{\"@type\":\"WebSite\",\"@id\":\"https:\\\/\\\/www.arno.es\\\/ca\\\/#website\",\"url\":\"https:\\\/\\\/www.arno.es\\\/ca\\\/\",\"name\":\"Benito Arn\u00f3\",\"description\":\"[:es]Construcci\u00f3n y servicios[:ca]Construcci\u00f3 i serveis[:]\",\"publisher\":{\"@id\":\"https:\\\/\\\/www.arno.es\\\/ca\\\/#organization\"},\"potentialAction\":[{\"@type\":\"SearchAction\",\"target\":{\"@type\":\"EntryPoint\",\"urlTemplate\":\"https:\\\/\\\/www.arno.es\\\/ca\\\/?s={search_term_string}\"},\"query-input\":{\"@type\":\"PropertyValueSpecification\",\"valueRequired\":true,\"valueName\":\"search_term_string\"}}],\"inLanguage\":\"ca\"},{\"@type\":\"Organization\",\"@id\":\"https:\\\/\\\/www.arno.es\\\/ca\\\/#organization\",\"name\":\"Benito Arn\u00f3 e Hijos\",\"url\":\"https:\\\/\\\/www.arno.es\\\/ca\\\/\",\"logo\":{\"@type\":\"ImageObject\",\"inLanguage\":\"ca\",\"@id\":\"https:\\\/\\\/www.arno.es\\\/ca\\\/#\\\/schema\\\/logo\\\/image\\\/\",\"url\":\"https:\\\/\\\/www.arno.es\\\/wp-content\\\/uploads\\\/2018\\\/10\\\/ARNO-Logo-web-1.png\",\"contentUrl\":\"https:\\\/\\\/www.arno.es\\\/wp-content\\\/uploads\\\/2018\\\/10\\\/ARNO-Logo-web-1.png\",\"width\":186,\"height\":75,\"caption\":\"Benito Arn\u00f3 e Hijos\"},\"image\":{\"@id\":\"https:\\\/\\\/www.arno.es\\\/ca\\\/#\\\/schema\\\/logo\\\/image\\\/\"},\"sameAs\":[\"https:\\\/\\\/www.facebook.com\\\/BenitoArno\\\/\",\"https:\\\/\\\/x.com\\\/benito_arno\",\"https:\\\/\\\/www.instagram.com\\\/benito_arno\\\/\",\"https:\\\/\\\/www.linkedin.com\\\/company\\\/benitoarno\",\"https:\\\/\\\/www.youtube.com\\\/c\\\/benitoarno\"]},{\"@type\":\"Person\",\"@id\":\"https:\\\/\\\/www.arno.es\\\/ca\\\/#\\\/schema\\\/person\\\/bac84f64370d13c669d46ad180f7ae59\",\"name\":\"informatica\",\"image\":{\"@type\":\"ImageObject\",\"inLanguage\":\"ca\",\"@id\":\"https:\\\/\\\/secure.gravatar.com\\\/avatar\\\/938e0dc1b724760dca5dfdbb6deca4158318d7c080f31b5e1c252453dffa8a76?s=96&d=mm&r=g\",\"url\":\"https:\\\/\\\/secure.gravatar.com\\\/avatar\\\/938e0dc1b724760dca5dfdbb6deca4158318d7c080f31b5e1c252453dffa8a76?s=96&d=mm&r=g\",\"contentUrl\":\"https:\\\/\\\/secure.gravatar.com\\\/avatar\\\/938e0dc1b724760dca5dfdbb6deca4158318d7c080f31b5e1c252453dffa8a76?s=96&d=mm&r=g\",\"caption\":\"informatica\"}}]}<\/script>\n<!-- \/ Yoast SEO plugin. -->","yoast_head_json":{"title":"Nuevo espig\u00f3n central al puerto de Las Casas de Alcanar - Benito Arn\u00f3","description":"Nuevo espig\u00f3n central al puerto de Las Casas de Alcanar - Ports de la Generalitat ha adjudicat a Benito Arn\u00f3 e Hijos SAU el contracte d\u2019obres de l\u2019espig\u00f3 central al port de Les Cases d\u2019Alcanar. Els treballs, per","robots":{"index":"index","follow":"follow","max-snippet":"max-snippet:-1","max-image-preview":"max-image-preview:large","max-video-preview":"max-video-preview:-1"},"canonical":"https:\/\/www.arno.es\/ca\/nuevo-espigon-central-al-puerto-de-las-casas-de-alcanar\/","og_locale":"ca_ES","og_type":"article","og_title":"Nuevo espig\u00f3n central al puerto de Las Casas de Alcanar - Benito Arn\u00f3","og_description":"Nuevo espig\u00f3n central al puerto de Las Casas de Alcanar - Ports de la Generalitat ha adjudicat a Benito Arn\u00f3 e Hijos SAU el contracte d\u2019obres de l\u2019espig\u00f3 central al port de Les Cases d\u2019Alcanar. Els treballs, per","og_url":"https:\/\/www.arno.es\/ca\/nuevo-espigon-central-al-puerto-de-las-casas-de-alcanar\/","og_site_name":"Benito Arn\u00f3","article_publisher":"https:\/\/www.facebook.com\/BenitoArno\/","article_published_time":"2016-04-29T09:44:51+00:00","article_modified_time":"2016-04-29T11:44:51+00:00","og_image":[{"url":"https:\/\/www.arno.es\/wp-content\/uploads\/2016\/04\/Port_LesCasesdAlcanar-Ports-Generalitat1.png","type":"","width":"","height":""}],"author":"informatica","twitter_card":"summary_large_image","twitter_creator":"@benito_arno","twitter_site":"@benito_arno","twitter_misc":{"Escrit per":"informatica","Temps estimat de lectura":"1 minut"},"schema":{"@context":"https:\/\/schema.org","@graph":[{"@type":"Article","@id":"https:\/\/www.arno.es\/ca\/nuevo-espigon-central-al-puerto-de-las-casas-de-alcanar\/#article","isPartOf":{"@id":"https:\/\/www.arno.es\/ca\/nuevo-espigon-central-al-puerto-de-las-casas-de-alcanar\/"},"author":{"name":"informatica","@id":"https:\/\/www.arno.es\/ca\/#\/schema\/person\/bac84f64370d13c669d46ad180f7ae59"},"headline":"Nuevo espig\u00f3n central al puerto de Las Casas de Alcanar","datePublished":"2016-04-29T09:44:51+00:00","dateModified":"2016-04-29T11:44:51+00:00","mainEntityOfPage":{"@id":"https:\/\/www.arno.es\/ca\/nuevo-espigon-central-al-puerto-de-las-casas-de-alcanar\/"},"wordCount":167,"publisher":{"@id":"https:\/\/www.arno.es\/ca\/#organization"},"image":{"@id":"https:\/\/www.arno.es\/ca\/nuevo-espigon-central-al-puerto-de-las-casas-de-alcanar\/#primaryimage"},"thumbnailUrl":"https:\/\/www.arno.es\/wp-content\/uploads\/2016\/04\/Port_LesCasesdAlcanar-Ports-Generalitat1.png","articleSection":["Adjudicaciones","Adjudicacions"],"inLanguage":"ca"},{"@type":"WebPage","@id":"https:\/\/www.arno.es\/ca\/nuevo-espigon-central-al-puerto-de-las-casas-de-alcanar\/","url":"https:\/\/www.arno.es\/ca\/nuevo-espigon-central-al-puerto-de-las-casas-de-alcanar\/","name":"Nuevo espig\u00f3n central al puerto de Las Casas de Alcanar - Benito Arn\u00f3","isPartOf":{"@id":"https:\/\/www.arno.es\/ca\/#website"},"primaryImageOfPage":{"@id":"https:\/\/www.arno.es\/ca\/nuevo-espigon-central-al-puerto-de-las-casas-de-alcanar\/#primaryimage"},"image":{"@id":"https:\/\/www.arno.es\/ca\/nuevo-espigon-central-al-puerto-de-las-casas-de-alcanar\/#primaryimage"},"thumbnailUrl":"https:\/\/www.arno.es\/wp-content\/uploads\/2016\/04\/Port_LesCasesdAlcanar-Ports-Generalitat1.png","datePublished":"2016-04-29T09:44:51+00:00","dateModified":"2016-04-29T11:44:51+00:00","description":"Nuevo espig\u00f3n central al puerto de Las Casas de Alcanar - Ports de la Generalitat ha adjudicat a Benito Arn\u00f3 e Hijos SAU el contracte d\u2019obres de l\u2019espig\u00f3 central al port de Les Cases d\u2019Alcanar. Els treballs, per","breadcrumb":{"@id":"https:\/\/www.arno.es\/ca\/nuevo-espigon-central-al-puerto-de-las-casas-de-alcanar\/#breadcrumb"},"inLanguage":"ca","potentialAction":[{"@type":"ReadAction","target":["https:\/\/www.arno.es\/ca\/nuevo-espigon-central-al-puerto-de-las-casas-de-alcanar\/"]}]},{"@type":"ImageObject","inLanguage":"ca","@id":"https:\/\/www.arno.es\/ca\/nuevo-espigon-central-al-puerto-de-las-casas-de-alcanar\/#primaryimage","url":"https:\/\/www.arno.es\/wp-content\/uploads\/2016\/04\/Port_LesCasesdAlcanar-Ports-Generalitat1.png","contentUrl":"https:\/\/www.arno.es\/wp-content\/uploads\/2016\/04\/Port_LesCasesdAlcanar-Ports-Generalitat1.png"},{"@type":"BreadcrumbList","@id":"https:\/\/www.arno.es\/ca\/nuevo-espigon-central-al-puerto-de-las-casas-de-alcanar\/#breadcrumb","itemListElement":[{"@type":"ListItem","position":1,"name":"Portada","item":"https:\/\/www.arno.es\/ca\/"},{"@type":"ListItem","position":2,"name":"Nuevo espig\u00f3n central al puerto de Las Casas de Alcanar"}]},{"@type":"WebSite","@id":"https:\/\/www.arno.es\/ca\/#website","url":"https:\/\/www.arno.es\/ca\/","name":"Benito Arn\u00f3","description":"[:es]Construcci\u00f3n y servicios[:ca]Construcci\u00f3 i serveis[:]","publisher":{"@id":"https:\/\/www.arno.es\/ca\/#organization"},"potentialAction":[{"@type":"SearchAction","target":{"@type":"EntryPoint","urlTemplate":"https:\/\/www.arno.es\/ca\/?s={search_term_string}"},"query-input":{"@type":"PropertyValueSpecification","valueRequired":true,"valueName":"search_term_string"}}],"inLanguage":"ca"},{"@type":"Organization","@id":"https:\/\/www.arno.es\/ca\/#organization","name":"Benito Arn\u00f3 e Hijos","url":"https:\/\/www.arno.es\/ca\/","logo":{"@type":"ImageObject","inLanguage":"ca","@id":"https:\/\/www.arno.es\/ca\/#\/schema\/logo\/image\/","url":"https:\/\/www.arno.es\/wp-content\/uploads\/2018\/10\/ARNO-Logo-web-1.png","contentUrl":"https:\/\/www.arno.es\/wp-content\/uploads\/2018\/10\/ARNO-Logo-web-1.png","width":186,"height":75,"caption":"Benito Arn\u00f3 e Hijos"},"image":{"@id":"https:\/\/www.arno.es\/ca\/#\/schema\/logo\/image\/"},"sameAs":["https:\/\/www.facebook.com\/BenitoArno\/","https:\/\/x.com\/benito_arno","https:\/\/www.instagram.com\/benito_arno\/","https:\/\/www.linkedin.com\/company\/benitoarno","https:\/\/www.youtube.com\/c\/benitoarno"]},{"@type":"Person","@id":"https:\/\/www.arno.es\/ca\/#\/schema\/person\/bac84f64370d13c669d46ad180f7ae59","name":"informatica","image":{"@type":"ImageObject","inLanguage":"ca","@id":"https:\/\/secure.gravatar.com\/avatar\/938e0dc1b724760dca5dfdbb6deca4158318d7c080f31b5e1c252453dffa8a76?s=96&d=mm&r=g","url":"https:\/\/secure.gravatar.com\/avatar\/938e0dc1b724760dca5dfdbb6deca4158318d7c080f31b5e1c252453dffa8a76?s=96&d=mm&r=g","contentUrl":"https:\/\/secure.gravatar.com\/avatar\/938e0dc1b724760dca5dfdbb6deca4158318d7c080f31b5e1c252453dffa8a76?s=96&d=mm&r=g","caption":"informatica"}}]}},"_links":{"self":[{"href":"https:\/\/www.arno.es\/ca\/wp-json\/wp\/v2\/posts\/17833","targetHints":{"allow":["GET"]}}],"collection":[{"href":"https:\/\/www.arno.es\/ca\/wp-json\/wp\/v2\/posts"}],"about":[{"href":"https:\/\/www.arno.es\/ca\/wp-json\/wp\/v2\/types\/post"}],"author":[{"embeddable":true,"href":"https:\/\/www.arno.es\/ca\/wp-json\/wp\/v2\/users\/11"}],"replies":[{"embeddable":true,"href":"https:\/\/www.arno.es\/ca\/wp-json\/wp\/v2\/comments?post=17833"}],"version-history":[{"count":0,"href":"https:\/\/www.arno.es\/ca\/wp-json\/wp\/v2\/posts\/17833\/revisions"}],"wp:attachment":[{"href":"https:\/\/www.arno.es\/ca\/wp-json\/wp\/v2\/media?parent=17833"}],"wp:term":[{"taxonomy":"category","embeddable":true,"href":"https:\/\/www.arno.es\/ca\/wp-json\/wp\/v2\/categories?post=17833"},{"taxonomy":"post_tag","embeddable":true,"href":"https:\/\/www.arno.es\/ca\/wp-json\/wp\/v2\/tags?post=17833"}],"curies":[{"name":"wp","href":"https:\/\/api.w.org\/{rel}","templated":true}]}}