{"id":18265,"date":"2016-12-05T08:30:27","date_gmt":"2016-12-05T07:30:27","guid":{"rendered":"https:\/\/www.arno.es\/el-sector-de-la-construccion-mejora-muy-poco-a-poco-segun-el-ultimo-euroconstruct\/"},"modified":"2016-12-05T08:30:27","modified_gmt":"2016-12-05T08:30:27","slug":"el-sector-de-la-construccion-mejora-muy-poco-a-poco-segun-el-ultimo-euroconstruct","status":"publish","type":"post","link":"https:\/\/www.arno.es\/ca\/el-sector-de-la-construccion-mejora-muy-poco-a-poco-segun-el-ultimo-euroconstruct\/","title":{"rendered":"El sector de la construcci\u00f3n mejora muy poco a poco seg\u00fan el \u00faltimo Euroconstruct"},"content":{"rendered":"<p style=\"text-align: justify;\">L\u2019\u00faltim informe sobre el sector de la construcci\u00f3 presentat al 82 Euroconstruct celebrat a Barcelona (25 de novembre) mostra unes dades menys optimistes que el que es va presentar a l\u2019estiu. No obstant aix\u00f2, el creixement del sector es mant\u00e9 a Europa en un 2%. L\u2019informe recull les difer\u00e8ncies per pa\u00efsos i demostra que aquest creixement \u00e9s desigual ja que s\u2019estan vivint diferents etapes segons la zona.<\/p>\n<p style=\"text-align: justify;\"><a href=\"https:\/\/www.arno.es\/wp-content\/uploads\/2016\/12\/20161125-Construction-Output-82-Euroconstruct.png\"><img decoding=\"async\" class=\"aligncenter size-full wp-image-10226\" src=\"https:\/\/www.arno.es\/wp-content\/uploads\/2016\/12\/20161125-Construction-Output-82-Euroconstruct.png\" alt=\"20161125 Construction Output-82-Euroconstruct\" width=\"800\" height=\"492\" \/><\/a><\/p>\n<p style=\"text-align: justify;\">A Espanya el mercat residencial, que \u00e9s el que m\u00e9s creixement mostra (3,9%), no es comporta tan b\u00e9 i encara es troba per baix del seu nivell.<\/p>\n<p style=\"text-align: justify;\">El mercat de l\u2019enginyeria civil mostra un creixement negatiu (-1%) i \u00e9s el que pitjor es comporta. I per al mercat no residencial \u00e9s aviat parlar de recuperaci\u00f3, encara es troba en una etapa inicial d\u2019aquest proc\u00e9s.<\/p>\n<p style=\"text-align: justify;\">De tota manera, les expectatives per als propers anys s\u00f3n positives i s\u2019espera un creixement continuat.<\/p>\n<p><a href=\"https:\/\/www.arno.es\/wp-content\/uploads\/2016\/12\/20161125-GDP-vs-Construction-Output-82-Euroconstruct.png\"><img decoding=\"async\" class=\"aligncenter size-full wp-image-10227\" src=\"https:\/\/www.arno.es\/wp-content\/uploads\/2016\/12\/20161125-GDP-vs-Construction-Output-82-Euroconstruct.png\" alt=\"20161125 GDP vs Construction Output-82-Euroconstruct\" width=\"800\" height=\"492\" \/><\/a><\/p>\n<p>Font: <a href=\"http:\/\/itec.cat\/infoitec\/jornades\/mes-dubtes-i-menys-velocitat-pero-el-sector-construccio-europeu-continuara-creixent\/\" target=\"_blank\">ITeC<\/a><\/p>\n","protected":false},"excerpt":{"rendered":"<p>L\u2019\u00faltim informe sobre el sector de la construcci\u00f3 presentat al 82 Euroconstruct celebrat a Barcelona (25 de novembre) mostra unes dades menys optimistes que el que es va presentar a l\u2019estiu. No obstant aix\u00f2, el creixement del sector es mant\u00e9 a Europa en un 2%. L\u2019informe recull les difer\u00e8ncies per pa\u00efsos i demostra que aquest<\/p>\n","protected":false},"author":11,"featured_media":0,"comment_status":"closed","ping_status":"open","sticky":false,"template":"","format":"standard","meta":{"footnotes":""},"categories":[1],"tags":[],"class_list":["post-18265","post","type-post","status-publish","format-standard","hentry","category-sin-categoria"],"yoast_head":"<!-- This site is optimized with the Yoast SEO plugin v27.4 - https:\/\/yoast.com\/product\/yoast-seo-wordpress\/ -->\n<title>El sector de la construcci\u00f3n mejora muy poco a poco seg\u00fan el \u00faltimo Euroconstruct - Benito Arn\u00f3<\/title>\n<meta name=\"description\" content=\"El sector de la construcci\u00f3n mejora muy poco a poco seg\u00fan el \u00faltimo Euroconstruct - L\u2019\u00faltim informe sobre el sector de la construcci\u00f3 presentat al 82 Euroconstruct celebrat a Barcelona (25 de novembre) mostra unes dades menys optimistes\" \/>\n<meta name=\"robots\" content=\"index, follow, max-snippet:-1, max-image-preview:large, max-video-preview:-1\" \/>\n<link rel=\"canonical\" href=\"https:\/\/www.arno.es\/ca\/el-sector-de-la-construccion-mejora-muy-poco-a-poco-segun-el-ultimo-euroconstruct\/\" \/>\n<meta property=\"og:locale\" content=\"ca_ES\" \/>\n<meta property=\"og:type\" content=\"article\" \/>\n<meta property=\"og:title\" content=\"El sector de la construcci\u00f3n mejora muy poco a poco seg\u00fan el \u00faltimo Euroconstruct - Benito Arn\u00f3\" \/>\n<meta property=\"og:description\" content=\"El sector de la construcci\u00f3n mejora muy poco a poco seg\u00fan el \u00faltimo Euroconstruct - L\u2019\u00faltim informe sobre el sector de la construcci\u00f3 presentat al 82 Euroconstruct celebrat a Barcelona (25 de novembre) mostra unes dades menys optimistes\" \/>\n<meta property=\"og:url\" content=\"https:\/\/www.arno.es\/ca\/el-sector-de-la-construccion-mejora-muy-poco-a-poco-segun-el-ultimo-euroconstruct\/\" \/>\n<meta property=\"og:site_name\" content=\"Benito Arn\u00f3\" \/>\n<meta property=\"article:publisher\" content=\"https:\/\/www.facebook.com\/BenitoArno\/\" \/>\n<meta property=\"article:published_time\" content=\"2016-12-05T07:30:27+00:00\" \/>\n<meta property=\"article:modified_time\" content=\"2016-12-05T08:30:27+00:00\" \/>\n<meta property=\"og:image\" content=\"https:\/\/www.arno.es\/wp-content\/uploads\/2016\/12\/20161125-Construction-Output-82-Euroconstruct.png\" \/>\n<meta name=\"author\" content=\"informatica\" \/>\n<meta name=\"twitter:card\" content=\"summary_large_image\" \/>\n<meta name=\"twitter:creator\" content=\"@benito_arno\" \/>\n<meta name=\"twitter:site\" content=\"@benito_arno\" \/>\n<meta name=\"twitter:label1\" content=\"Escrit per\" \/>\n\t<meta name=\"twitter:data1\" content=\"informatica\" \/>\n\t<meta name=\"twitter:label2\" content=\"Temps estimat de lectura\" \/>\n\t<meta name=\"twitter:data2\" content=\"1 minut\" \/>\n<script type=\"application\/ld+json\" class=\"yoast-schema-graph\">{\"@context\":\"https:\\\/\\\/schema.org\",\"@graph\":[{\"@type\":\"Article\",\"@id\":\"https:\\\/\\\/www.arno.es\\\/ca\\\/el-sector-de-la-construccion-mejora-muy-poco-a-poco-segun-el-ultimo-euroconstruct\\\/#article\",\"isPartOf\":{\"@id\":\"https:\\\/\\\/www.arno.es\\\/ca\\\/el-sector-de-la-construccion-mejora-muy-poco-a-poco-segun-el-ultimo-euroconstruct\\\/\"},\"author\":{\"name\":\"informatica\",\"@id\":\"https:\\\/\\\/www.arno.es\\\/ca\\\/#\\\/schema\\\/person\\\/bac84f64370d13c669d46ad180f7ae59\"},\"headline\":\"El sector de la construcci\u00f3n mejora muy poco a poco seg\u00fan el \u00faltimo Euroconstruct\",\"datePublished\":\"2016-12-05T07:30:27+00:00\",\"dateModified\":\"2016-12-05T08:30:27+00:00\",\"mainEntityOfPage\":{\"@id\":\"https:\\\/\\\/www.arno.es\\\/ca\\\/el-sector-de-la-construccion-mejora-muy-poco-a-poco-segun-el-ultimo-euroconstruct\\\/\"},\"wordCount\":173,\"publisher\":{\"@id\":\"https:\\\/\\\/www.arno.es\\\/ca\\\/#organization\"},\"image\":{\"@id\":\"https:\\\/\\\/www.arno.es\\\/ca\\\/el-sector-de-la-construccion-mejora-muy-poco-a-poco-segun-el-ultimo-euroconstruct\\\/#primaryimage\"},\"thumbnailUrl\":\"https:\\\/\\\/www.arno.es\\\/wp-content\\\/uploads\\\/2016\\\/12\\\/20161125-Construction-Output-82-Euroconstruct.png\",\"articleSection\":[\"Sin categor\u00eda\"],\"inLanguage\":\"ca\"},{\"@type\":\"WebPage\",\"@id\":\"https:\\\/\\\/www.arno.es\\\/ca\\\/el-sector-de-la-construccion-mejora-muy-poco-a-poco-segun-el-ultimo-euroconstruct\\\/\",\"url\":\"https:\\\/\\\/www.arno.es\\\/ca\\\/el-sector-de-la-construccion-mejora-muy-poco-a-poco-segun-el-ultimo-euroconstruct\\\/\",\"name\":\"El sector de la construcci\u00f3n mejora muy poco a poco seg\u00fan el \u00faltimo Euroconstruct - Benito Arn\u00f3\",\"isPartOf\":{\"@id\":\"https:\\\/\\\/www.arno.es\\\/ca\\\/#website\"},\"primaryImageOfPage\":{\"@id\":\"https:\\\/\\\/www.arno.es\\\/ca\\\/el-sector-de-la-construccion-mejora-muy-poco-a-poco-segun-el-ultimo-euroconstruct\\\/#primaryimage\"},\"image\":{\"@id\":\"https:\\\/\\\/www.arno.es\\\/ca\\\/el-sector-de-la-construccion-mejora-muy-poco-a-poco-segun-el-ultimo-euroconstruct\\\/#primaryimage\"},\"thumbnailUrl\":\"https:\\\/\\\/www.arno.es\\\/wp-content\\\/uploads\\\/2016\\\/12\\\/20161125-Construction-Output-82-Euroconstruct.png\",\"datePublished\":\"2016-12-05T07:30:27+00:00\",\"dateModified\":\"2016-12-05T08:30:27+00:00\",\"description\":\"El sector de la construcci\u00f3n mejora muy poco a poco seg\u00fan el \u00faltimo Euroconstruct - L\u2019\u00faltim informe sobre el sector de la construcci\u00f3 presentat al 82 Euroconstruct celebrat a Barcelona (25 de novembre) mostra unes dades menys optimistes\",\"breadcrumb\":{\"@id\":\"https:\\\/\\\/www.arno.es\\\/ca\\\/el-sector-de-la-construccion-mejora-muy-poco-a-poco-segun-el-ultimo-euroconstruct\\\/#breadcrumb\"},\"inLanguage\":\"ca\",\"potentialAction\":[{\"@type\":\"ReadAction\",\"target\":[\"https:\\\/\\\/www.arno.es\\\/ca\\\/el-sector-de-la-construccion-mejora-muy-poco-a-poco-segun-el-ultimo-euroconstruct\\\/\"]}]},{\"@type\":\"ImageObject\",\"inLanguage\":\"ca\",\"@id\":\"https:\\\/\\\/www.arno.es\\\/ca\\\/el-sector-de-la-construccion-mejora-muy-poco-a-poco-segun-el-ultimo-euroconstruct\\\/#primaryimage\",\"url\":\"https:\\\/\\\/www.arno.es\\\/wp-content\\\/uploads\\\/2016\\\/12\\\/20161125-Construction-Output-82-Euroconstruct.png\",\"contentUrl\":\"https:\\\/\\\/www.arno.es\\\/wp-content\\\/uploads\\\/2016\\\/12\\\/20161125-Construction-Output-82-Euroconstruct.png\"},{\"@type\":\"BreadcrumbList\",\"@id\":\"https:\\\/\\\/www.arno.es\\\/ca\\\/el-sector-de-la-construccion-mejora-muy-poco-a-poco-segun-el-ultimo-euroconstruct\\\/#breadcrumb\",\"itemListElement\":[{\"@type\":\"ListItem\",\"position\":1,\"name\":\"Portada\",\"item\":\"https:\\\/\\\/www.arno.es\\\/ca\\\/\"},{\"@type\":\"ListItem\",\"position\":2,\"name\":\"El sector de la construcci\u00f3n mejora muy poco a poco seg\u00fan el \u00faltimo Euroconstruct\"}]},{\"@type\":\"WebSite\",\"@id\":\"https:\\\/\\\/www.arno.es\\\/ca\\\/#website\",\"url\":\"https:\\\/\\\/www.arno.es\\\/ca\\\/\",\"name\":\"Benito Arn\u00f3\",\"description\":\"[:es]Construcci\u00f3n y servicios[:ca]Construcci\u00f3 i serveis[:]\",\"publisher\":{\"@id\":\"https:\\\/\\\/www.arno.es\\\/ca\\\/#organization\"},\"potentialAction\":[{\"@type\":\"SearchAction\",\"target\":{\"@type\":\"EntryPoint\",\"urlTemplate\":\"https:\\\/\\\/www.arno.es\\\/ca\\\/?s={search_term_string}\"},\"query-input\":{\"@type\":\"PropertyValueSpecification\",\"valueRequired\":true,\"valueName\":\"search_term_string\"}}],\"inLanguage\":\"ca\"},{\"@type\":\"Organization\",\"@id\":\"https:\\\/\\\/www.arno.es\\\/ca\\\/#organization\",\"name\":\"Benito Arn\u00f3 e Hijos\",\"url\":\"https:\\\/\\\/www.arno.es\\\/ca\\\/\",\"logo\":{\"@type\":\"ImageObject\",\"inLanguage\":\"ca\",\"@id\":\"https:\\\/\\\/www.arno.es\\\/ca\\\/#\\\/schema\\\/logo\\\/image\\\/\",\"url\":\"https:\\\/\\\/www.arno.es\\\/wp-content\\\/uploads\\\/2018\\\/10\\\/ARNO-Logo-web-1.png\",\"contentUrl\":\"https:\\\/\\\/www.arno.es\\\/wp-content\\\/uploads\\\/2018\\\/10\\\/ARNO-Logo-web-1.png\",\"width\":186,\"height\":75,\"caption\":\"Benito Arn\u00f3 e Hijos\"},\"image\":{\"@id\":\"https:\\\/\\\/www.arno.es\\\/ca\\\/#\\\/schema\\\/logo\\\/image\\\/\"},\"sameAs\":[\"https:\\\/\\\/www.facebook.com\\\/BenitoArno\\\/\",\"https:\\\/\\\/x.com\\\/benito_arno\",\"https:\\\/\\\/www.instagram.com\\\/benito_arno\\\/\",\"https:\\\/\\\/www.linkedin.com\\\/company\\\/benitoarno\",\"https:\\\/\\\/www.youtube.com\\\/c\\\/benitoarno\"]},{\"@type\":\"Person\",\"@id\":\"https:\\\/\\\/www.arno.es\\\/ca\\\/#\\\/schema\\\/person\\\/bac84f64370d13c669d46ad180f7ae59\",\"name\":\"informatica\",\"image\":{\"@type\":\"ImageObject\",\"inLanguage\":\"ca\",\"@id\":\"https:\\\/\\\/secure.gravatar.com\\\/avatar\\\/938e0dc1b724760dca5dfdbb6deca4158318d7c080f31b5e1c252453dffa8a76?s=96&d=mm&r=g\",\"url\":\"https:\\\/\\\/secure.gravatar.com\\\/avatar\\\/938e0dc1b724760dca5dfdbb6deca4158318d7c080f31b5e1c252453dffa8a76?s=96&d=mm&r=g\",\"contentUrl\":\"https:\\\/\\\/secure.gravatar.com\\\/avatar\\\/938e0dc1b724760dca5dfdbb6deca4158318d7c080f31b5e1c252453dffa8a76?s=96&d=mm&r=g\",\"caption\":\"informatica\"}}]}<\/script>\n<!-- \/ Yoast SEO plugin. -->","yoast_head_json":{"title":"El sector de la construcci\u00f3n mejora muy poco a poco seg\u00fan el \u00faltimo Euroconstruct - Benito Arn\u00f3","description":"El sector de la construcci\u00f3n mejora muy poco a poco seg\u00fan el \u00faltimo Euroconstruct - L\u2019\u00faltim informe sobre el sector de la construcci\u00f3 presentat al 82 Euroconstruct celebrat a Barcelona (25 de novembre) mostra unes dades menys optimistes","robots":{"index":"index","follow":"follow","max-snippet":"max-snippet:-1","max-image-preview":"max-image-preview:large","max-video-preview":"max-video-preview:-1"},"canonical":"https:\/\/www.arno.es\/ca\/el-sector-de-la-construccion-mejora-muy-poco-a-poco-segun-el-ultimo-euroconstruct\/","og_locale":"ca_ES","og_type":"article","og_title":"El sector de la construcci\u00f3n mejora muy poco a poco seg\u00fan el \u00faltimo Euroconstruct - Benito Arn\u00f3","og_description":"El sector de la construcci\u00f3n mejora muy poco a poco seg\u00fan el \u00faltimo Euroconstruct - L\u2019\u00faltim informe sobre el sector de la construcci\u00f3 presentat al 82 Euroconstruct celebrat a Barcelona (25 de novembre) mostra unes dades menys optimistes","og_url":"https:\/\/www.arno.es\/ca\/el-sector-de-la-construccion-mejora-muy-poco-a-poco-segun-el-ultimo-euroconstruct\/","og_site_name":"Benito Arn\u00f3","article_publisher":"https:\/\/www.facebook.com\/BenitoArno\/","article_published_time":"2016-12-05T07:30:27+00:00","article_modified_time":"2016-12-05T08:30:27+00:00","og_image":[{"url":"https:\/\/www.arno.es\/wp-content\/uploads\/2016\/12\/20161125-Construction-Output-82-Euroconstruct.png","type":"","width":"","height":""}],"author":"informatica","twitter_card":"summary_large_image","twitter_creator":"@benito_arno","twitter_site":"@benito_arno","twitter_misc":{"Escrit per":"informatica","Temps estimat de lectura":"1 minut"},"schema":{"@context":"https:\/\/schema.org","@graph":[{"@type":"Article","@id":"https:\/\/www.arno.es\/ca\/el-sector-de-la-construccion-mejora-muy-poco-a-poco-segun-el-ultimo-euroconstruct\/#article","isPartOf":{"@id":"https:\/\/www.arno.es\/ca\/el-sector-de-la-construccion-mejora-muy-poco-a-poco-segun-el-ultimo-euroconstruct\/"},"author":{"name":"informatica","@id":"https:\/\/www.arno.es\/ca\/#\/schema\/person\/bac84f64370d13c669d46ad180f7ae59"},"headline":"El sector de la construcci\u00f3n mejora muy poco a poco seg\u00fan el \u00faltimo Euroconstruct","datePublished":"2016-12-05T07:30:27+00:00","dateModified":"2016-12-05T08:30:27+00:00","mainEntityOfPage":{"@id":"https:\/\/www.arno.es\/ca\/el-sector-de-la-construccion-mejora-muy-poco-a-poco-segun-el-ultimo-euroconstruct\/"},"wordCount":173,"publisher":{"@id":"https:\/\/www.arno.es\/ca\/#organization"},"image":{"@id":"https:\/\/www.arno.es\/ca\/el-sector-de-la-construccion-mejora-muy-poco-a-poco-segun-el-ultimo-euroconstruct\/#primaryimage"},"thumbnailUrl":"https:\/\/www.arno.es\/wp-content\/uploads\/2016\/12\/20161125-Construction-Output-82-Euroconstruct.png","articleSection":["Sin categor\u00eda"],"inLanguage":"ca"},{"@type":"WebPage","@id":"https:\/\/www.arno.es\/ca\/el-sector-de-la-construccion-mejora-muy-poco-a-poco-segun-el-ultimo-euroconstruct\/","url":"https:\/\/www.arno.es\/ca\/el-sector-de-la-construccion-mejora-muy-poco-a-poco-segun-el-ultimo-euroconstruct\/","name":"El sector de la construcci\u00f3n mejora muy poco a poco seg\u00fan el \u00faltimo Euroconstruct - Benito Arn\u00f3","isPartOf":{"@id":"https:\/\/www.arno.es\/ca\/#website"},"primaryImageOfPage":{"@id":"https:\/\/www.arno.es\/ca\/el-sector-de-la-construccion-mejora-muy-poco-a-poco-segun-el-ultimo-euroconstruct\/#primaryimage"},"image":{"@id":"https:\/\/www.arno.es\/ca\/el-sector-de-la-construccion-mejora-muy-poco-a-poco-segun-el-ultimo-euroconstruct\/#primaryimage"},"thumbnailUrl":"https:\/\/www.arno.es\/wp-content\/uploads\/2016\/12\/20161125-Construction-Output-82-Euroconstruct.png","datePublished":"2016-12-05T07:30:27+00:00","dateModified":"2016-12-05T08:30:27+00:00","description":"El sector de la construcci\u00f3n mejora muy poco a poco seg\u00fan el \u00faltimo Euroconstruct - L\u2019\u00faltim informe sobre el sector de la construcci\u00f3 presentat al 82 Euroconstruct celebrat a Barcelona (25 de novembre) mostra unes dades menys optimistes","breadcrumb":{"@id":"https:\/\/www.arno.es\/ca\/el-sector-de-la-construccion-mejora-muy-poco-a-poco-segun-el-ultimo-euroconstruct\/#breadcrumb"},"inLanguage":"ca","potentialAction":[{"@type":"ReadAction","target":["https:\/\/www.arno.es\/ca\/el-sector-de-la-construccion-mejora-muy-poco-a-poco-segun-el-ultimo-euroconstruct\/"]}]},{"@type":"ImageObject","inLanguage":"ca","@id":"https:\/\/www.arno.es\/ca\/el-sector-de-la-construccion-mejora-muy-poco-a-poco-segun-el-ultimo-euroconstruct\/#primaryimage","url":"https:\/\/www.arno.es\/wp-content\/uploads\/2016\/12\/20161125-Construction-Output-82-Euroconstruct.png","contentUrl":"https:\/\/www.arno.es\/wp-content\/uploads\/2016\/12\/20161125-Construction-Output-82-Euroconstruct.png"},{"@type":"BreadcrumbList","@id":"https:\/\/www.arno.es\/ca\/el-sector-de-la-construccion-mejora-muy-poco-a-poco-segun-el-ultimo-euroconstruct\/#breadcrumb","itemListElement":[{"@type":"ListItem","position":1,"name":"Portada","item":"https:\/\/www.arno.es\/ca\/"},{"@type":"ListItem","position":2,"name":"El sector de la construcci\u00f3n mejora muy poco a poco seg\u00fan el \u00faltimo Euroconstruct"}]},{"@type":"WebSite","@id":"https:\/\/www.arno.es\/ca\/#website","url":"https:\/\/www.arno.es\/ca\/","name":"Benito Arn\u00f3","description":"[:es]Construcci\u00f3n y servicios[:ca]Construcci\u00f3 i serveis[:]","publisher":{"@id":"https:\/\/www.arno.es\/ca\/#organization"},"potentialAction":[{"@type":"SearchAction","target":{"@type":"EntryPoint","urlTemplate":"https:\/\/www.arno.es\/ca\/?s={search_term_string}"},"query-input":{"@type":"PropertyValueSpecification","valueRequired":true,"valueName":"search_term_string"}}],"inLanguage":"ca"},{"@type":"Organization","@id":"https:\/\/www.arno.es\/ca\/#organization","name":"Benito Arn\u00f3 e Hijos","url":"https:\/\/www.arno.es\/ca\/","logo":{"@type":"ImageObject","inLanguage":"ca","@id":"https:\/\/www.arno.es\/ca\/#\/schema\/logo\/image\/","url":"https:\/\/www.arno.es\/wp-content\/uploads\/2018\/10\/ARNO-Logo-web-1.png","contentUrl":"https:\/\/www.arno.es\/wp-content\/uploads\/2018\/10\/ARNO-Logo-web-1.png","width":186,"height":75,"caption":"Benito Arn\u00f3 e Hijos"},"image":{"@id":"https:\/\/www.arno.es\/ca\/#\/schema\/logo\/image\/"},"sameAs":["https:\/\/www.facebook.com\/BenitoArno\/","https:\/\/x.com\/benito_arno","https:\/\/www.instagram.com\/benito_arno\/","https:\/\/www.linkedin.com\/company\/benitoarno","https:\/\/www.youtube.com\/c\/benitoarno"]},{"@type":"Person","@id":"https:\/\/www.arno.es\/ca\/#\/schema\/person\/bac84f64370d13c669d46ad180f7ae59","name":"informatica","image":{"@type":"ImageObject","inLanguage":"ca","@id":"https:\/\/secure.gravatar.com\/avatar\/938e0dc1b724760dca5dfdbb6deca4158318d7c080f31b5e1c252453dffa8a76?s=96&d=mm&r=g","url":"https:\/\/secure.gravatar.com\/avatar\/938e0dc1b724760dca5dfdbb6deca4158318d7c080f31b5e1c252453dffa8a76?s=96&d=mm&r=g","contentUrl":"https:\/\/secure.gravatar.com\/avatar\/938e0dc1b724760dca5dfdbb6deca4158318d7c080f31b5e1c252453dffa8a76?s=96&d=mm&r=g","caption":"informatica"}}]}},"_links":{"self":[{"href":"https:\/\/www.arno.es\/ca\/wp-json\/wp\/v2\/posts\/18265","targetHints":{"allow":["GET"]}}],"collection":[{"href":"https:\/\/www.arno.es\/ca\/wp-json\/wp\/v2\/posts"}],"about":[{"href":"https:\/\/www.arno.es\/ca\/wp-json\/wp\/v2\/types\/post"}],"author":[{"embeddable":true,"href":"https:\/\/www.arno.es\/ca\/wp-json\/wp\/v2\/users\/11"}],"replies":[{"embeddable":true,"href":"https:\/\/www.arno.es\/ca\/wp-json\/wp\/v2\/comments?post=18265"}],"version-history":[{"count":0,"href":"https:\/\/www.arno.es\/ca\/wp-json\/wp\/v2\/posts\/18265\/revisions"}],"wp:attachment":[{"href":"https:\/\/www.arno.es\/ca\/wp-json\/wp\/v2\/media?parent=18265"}],"wp:term":[{"taxonomy":"category","embeddable":true,"href":"https:\/\/www.arno.es\/ca\/wp-json\/wp\/v2\/categories?post=18265"},{"taxonomy":"post_tag","embeddable":true,"href":"https:\/\/www.arno.es\/ca\/wp-json\/wp\/v2\/tags?post=18265"}],"curies":[{"name":"wp","href":"https:\/\/api.w.org\/{rel}","templated":true}]}}