{"id":19447,"date":"2016-10-25T10:29:33","date_gmt":"2016-10-25T08:29:33","guid":{"rendered":"https:\/\/www.arno.es\/adjudicacion-de-urbanizacion-e-infraestructura-de-la-c-marroc-en-barcelona\/"},"modified":"2016-10-25T10:29:33","modified_gmt":"2016-10-25T10:29:33","slug":"adjudicacion-de-urbanizacion-e-infraestructura-de-la-c-marroc-en-barcelona","status":"publish","type":"post","link":"https:\/\/www.arno.es\/ca\/adjudicacion-de-urbanizacion-e-infraestructura-de-la-c-marroc-en-barcelona\/","title":{"rendered":"Adjudicaci\u00f3n de urbanizaci\u00f3n e infraestructura de la c. Marroc en Barcelona"},"content":{"rendered":"<p>Barcelona Gesti\u00f3 Urban\u00edstica SA ha adjudicat a Benito Arn\u00f3 el contracte relatiu a les obres del projecte d\u2019urbanitzaci\u00f3 i infraestructura del c. Marroc, entre els carrers Treball i Selva de Mar (illa Fit\u00f3) i del projecte d\u2019urbanitzaci\u00f3 del c. Marroc, entre els carrers Treball i Agricultura (illa Nubiola) per un import de 2,23 M\u20ac.<\/p>\n","protected":false},"excerpt":{"rendered":"<p>Barcelona Gesti\u00f3 Urban\u00edstica SA ha adjudicat a Benito Arn\u00f3 el contracte relatiu a les obres del projecte d\u2019urbanitzaci\u00f3 i infraestructura del c. Marroc, entre els carrers Treball i Selva de Mar (illa Fit\u00f3) i del projecte d\u2019urbanitzaci\u00f3 del c. Marroc, entre els carrers Treball i Agricultura (illa Nubiola) per un import de 2,23 M\u20ac.<\/p>\n","protected":false},"author":11,"featured_media":0,"comment_status":"open","ping_status":"open","sticky":false,"template":"","format":"standard","meta":{"footnotes":""},"categories":[214,555],"tags":[],"class_list":["post-19447","post","type-post","status-publish","format-standard","hentry","category-adjudicaciones","category-adjudicacions"],"yoast_head":"<!-- This site is optimized with the Yoast SEO plugin v27.4 - https:\/\/yoast.com\/product\/yoast-seo-wordpress\/ -->\n<title>Adjudicaci\u00f3n de urbanizaci\u00f3n e infraestructura de la c. Marroc en Barcelona - Benito Arn\u00f3<\/title>\n<meta name=\"description\" content=\"Adjudicaci\u00f3n de urbanizaci\u00f3n e infraestructura de la c. Marroc en Barcelona - Barcelona Gesti\u00f3 Urban\u00edstica SA ha adjudicat a Benito Arn\u00f3 el contracte relatiu a les obres del projecte d\u2019urbanitzaci\u00f3 i infraestructura del c. Marroc,\" \/>\n<meta name=\"robots\" content=\"index, follow, max-snippet:-1, max-image-preview:large, max-video-preview:-1\" \/>\n<link rel=\"canonical\" href=\"https:\/\/www.arno.es\/ca\/adjudicacion-de-urbanizacion-e-infraestructura-de-la-c-marroc-en-barcelona\/\" \/>\n<meta property=\"og:locale\" content=\"ca_ES\" \/>\n<meta property=\"og:type\" content=\"article\" \/>\n<meta property=\"og:title\" content=\"Adjudicaci\u00f3n de urbanizaci\u00f3n e infraestructura de la c. Marroc en Barcelona - Benito Arn\u00f3\" \/>\n<meta property=\"og:description\" content=\"Adjudicaci\u00f3n de urbanizaci\u00f3n e infraestructura de la c. Marroc en Barcelona - Barcelona Gesti\u00f3 Urban\u00edstica SA ha adjudicat a Benito Arn\u00f3 el contracte relatiu a les obres del projecte d\u2019urbanitzaci\u00f3 i infraestructura del c. Marroc,\" \/>\n<meta property=\"og:url\" content=\"https:\/\/www.arno.es\/ca\/adjudicacion-de-urbanizacion-e-infraestructura-de-la-c-marroc-en-barcelona\/\" \/>\n<meta property=\"og:site_name\" content=\"Benito Arn\u00f3\" \/>\n<meta property=\"article:publisher\" content=\"https:\/\/www.facebook.com\/BenitoArno\/\" \/>\n<meta property=\"article:published_time\" content=\"2016-10-25T08:29:33+00:00\" \/>\n<meta property=\"article:modified_time\" content=\"2016-10-25T10:29:33+00:00\" \/>\n<meta name=\"author\" content=\"informatica\" \/>\n<meta name=\"twitter:card\" content=\"summary_large_image\" \/>\n<meta name=\"twitter:creator\" content=\"@benito_arno\" \/>\n<meta name=\"twitter:site\" content=\"@benito_arno\" \/>\n<meta name=\"twitter:label1\" content=\"Escrit per\" \/>\n\t<meta name=\"twitter:data1\" content=\"informatica\" \/>\n<script type=\"application\/ld+json\" class=\"yoast-schema-graph\">{\"@context\":\"https:\\\/\\\/schema.org\",\"@graph\":[{\"@type\":\"Article\",\"@id\":\"https:\\\/\\\/www.arno.es\\\/ca\\\/adjudicacion-de-urbanizacion-e-infraestructura-de-la-c-marroc-en-barcelona\\\/#article\",\"isPartOf\":{\"@id\":\"https:\\\/\\\/www.arno.es\\\/ca\\\/adjudicacion-de-urbanizacion-e-infraestructura-de-la-c-marroc-en-barcelona\\\/\"},\"author\":{\"name\":\"informatica\",\"@id\":\"https:\\\/\\\/www.arno.es\\\/ca\\\/#\\\/schema\\\/person\\\/bac84f64370d13c669d46ad180f7ae59\"},\"headline\":\"Adjudicaci\u00f3n de urbanizaci\u00f3n e infraestructura de la c. Marroc en Barcelona\",\"datePublished\":\"2016-10-25T08:29:33+00:00\",\"dateModified\":\"2016-10-25T10:29:33+00:00\",\"mainEntityOfPage\":{\"@id\":\"https:\\\/\\\/www.arno.es\\\/ca\\\/adjudicacion-de-urbanizacion-e-infraestructura-de-la-c-marroc-en-barcelona\\\/\"},\"wordCount\":69,\"commentCount\":0,\"publisher\":{\"@id\":\"https:\\\/\\\/www.arno.es\\\/ca\\\/#organization\"},\"articleSection\":[\"Adjudicaciones\",\"Adjudicacions\"],\"inLanguage\":\"ca\",\"potentialAction\":[{\"@type\":\"CommentAction\",\"name\":\"Comment\",\"target\":[\"https:\\\/\\\/www.arno.es\\\/ca\\\/adjudicacion-de-urbanizacion-e-infraestructura-de-la-c-marroc-en-barcelona\\\/#respond\"]}]},{\"@type\":\"WebPage\",\"@id\":\"https:\\\/\\\/www.arno.es\\\/ca\\\/adjudicacion-de-urbanizacion-e-infraestructura-de-la-c-marroc-en-barcelona\\\/\",\"url\":\"https:\\\/\\\/www.arno.es\\\/ca\\\/adjudicacion-de-urbanizacion-e-infraestructura-de-la-c-marroc-en-barcelona\\\/\",\"name\":\"Adjudicaci\u00f3n de urbanizaci\u00f3n e infraestructura de la c. Marroc en Barcelona - Benito Arn\u00f3\",\"isPartOf\":{\"@id\":\"https:\\\/\\\/www.arno.es\\\/ca\\\/#website\"},\"datePublished\":\"2016-10-25T08:29:33+00:00\",\"dateModified\":\"2016-10-25T10:29:33+00:00\",\"description\":\"Adjudicaci\u00f3n de urbanizaci\u00f3n e infraestructura de la c. Marroc en Barcelona - Barcelona Gesti\u00f3 Urban\u00edstica SA ha adjudicat a Benito Arn\u00f3 el contracte relatiu a les obres del projecte d\u2019urbanitzaci\u00f3 i infraestructura del c. Marroc,\",\"breadcrumb\":{\"@id\":\"https:\\\/\\\/www.arno.es\\\/ca\\\/adjudicacion-de-urbanizacion-e-infraestructura-de-la-c-marroc-en-barcelona\\\/#breadcrumb\"},\"inLanguage\":\"ca\",\"potentialAction\":[{\"@type\":\"ReadAction\",\"target\":[\"https:\\\/\\\/www.arno.es\\\/ca\\\/adjudicacion-de-urbanizacion-e-infraestructura-de-la-c-marroc-en-barcelona\\\/\"]}]},{\"@type\":\"BreadcrumbList\",\"@id\":\"https:\\\/\\\/www.arno.es\\\/ca\\\/adjudicacion-de-urbanizacion-e-infraestructura-de-la-c-marroc-en-barcelona\\\/#breadcrumb\",\"itemListElement\":[{\"@type\":\"ListItem\",\"position\":1,\"name\":\"Portada\",\"item\":\"https:\\\/\\\/www.arno.es\\\/ca\\\/\"},{\"@type\":\"ListItem\",\"position\":2,\"name\":\"Adjudicaci\u00f3n de urbanizaci\u00f3n e infraestructura de la c. Marroc en Barcelona\"}]},{\"@type\":\"WebSite\",\"@id\":\"https:\\\/\\\/www.arno.es\\\/ca\\\/#website\",\"url\":\"https:\\\/\\\/www.arno.es\\\/ca\\\/\",\"name\":\"Benito Arn\u00f3\",\"description\":\"[:es]Construcci\u00f3n y servicios[:ca]Construcci\u00f3 i serveis[:]\",\"publisher\":{\"@id\":\"https:\\\/\\\/www.arno.es\\\/ca\\\/#organization\"},\"potentialAction\":[{\"@type\":\"SearchAction\",\"target\":{\"@type\":\"EntryPoint\",\"urlTemplate\":\"https:\\\/\\\/www.arno.es\\\/ca\\\/?s={search_term_string}\"},\"query-input\":{\"@type\":\"PropertyValueSpecification\",\"valueRequired\":true,\"valueName\":\"search_term_string\"}}],\"inLanguage\":\"ca\"},{\"@type\":\"Organization\",\"@id\":\"https:\\\/\\\/www.arno.es\\\/ca\\\/#organization\",\"name\":\"Benito Arn\u00f3 e Hijos\",\"url\":\"https:\\\/\\\/www.arno.es\\\/ca\\\/\",\"logo\":{\"@type\":\"ImageObject\",\"inLanguage\":\"ca\",\"@id\":\"https:\\\/\\\/www.arno.es\\\/ca\\\/#\\\/schema\\\/logo\\\/image\\\/\",\"url\":\"https:\\\/\\\/www.arno.es\\\/wp-content\\\/uploads\\\/2018\\\/10\\\/ARNO-Logo-web-1.png\",\"contentUrl\":\"https:\\\/\\\/www.arno.es\\\/wp-content\\\/uploads\\\/2018\\\/10\\\/ARNO-Logo-web-1.png\",\"width\":186,\"height\":75,\"caption\":\"Benito Arn\u00f3 e Hijos\"},\"image\":{\"@id\":\"https:\\\/\\\/www.arno.es\\\/ca\\\/#\\\/schema\\\/logo\\\/image\\\/\"},\"sameAs\":[\"https:\\\/\\\/www.facebook.com\\\/BenitoArno\\\/\",\"https:\\\/\\\/x.com\\\/benito_arno\",\"https:\\\/\\\/www.instagram.com\\\/benito_arno\\\/\",\"https:\\\/\\\/www.linkedin.com\\\/company\\\/benitoarno\",\"https:\\\/\\\/www.youtube.com\\\/c\\\/benitoarno\"]},{\"@type\":\"Person\",\"@id\":\"https:\\\/\\\/www.arno.es\\\/ca\\\/#\\\/schema\\\/person\\\/bac84f64370d13c669d46ad180f7ae59\",\"name\":\"informatica\",\"image\":{\"@type\":\"ImageObject\",\"inLanguage\":\"ca\",\"@id\":\"https:\\\/\\\/secure.gravatar.com\\\/avatar\\\/938e0dc1b724760dca5dfdbb6deca4158318d7c080f31b5e1c252453dffa8a76?s=96&d=mm&r=g\",\"url\":\"https:\\\/\\\/secure.gravatar.com\\\/avatar\\\/938e0dc1b724760dca5dfdbb6deca4158318d7c080f31b5e1c252453dffa8a76?s=96&d=mm&r=g\",\"contentUrl\":\"https:\\\/\\\/secure.gravatar.com\\\/avatar\\\/938e0dc1b724760dca5dfdbb6deca4158318d7c080f31b5e1c252453dffa8a76?s=96&d=mm&r=g\",\"caption\":\"informatica\"}}]}<\/script>\n<!-- \/ Yoast SEO plugin. -->","yoast_head_json":{"title":"Adjudicaci\u00f3n de urbanizaci\u00f3n e infraestructura de la c. Marroc en Barcelona - Benito Arn\u00f3","description":"Adjudicaci\u00f3n de urbanizaci\u00f3n e infraestructura de la c. Marroc en Barcelona - Barcelona Gesti\u00f3 Urban\u00edstica SA ha adjudicat a Benito Arn\u00f3 el contracte relatiu a les obres del projecte d\u2019urbanitzaci\u00f3 i infraestructura del c. Marroc,","robots":{"index":"index","follow":"follow","max-snippet":"max-snippet:-1","max-image-preview":"max-image-preview:large","max-video-preview":"max-video-preview:-1"},"canonical":"https:\/\/www.arno.es\/ca\/adjudicacion-de-urbanizacion-e-infraestructura-de-la-c-marroc-en-barcelona\/","og_locale":"ca_ES","og_type":"article","og_title":"Adjudicaci\u00f3n de urbanizaci\u00f3n e infraestructura de la c. Marroc en Barcelona - Benito Arn\u00f3","og_description":"Adjudicaci\u00f3n de urbanizaci\u00f3n e infraestructura de la c. Marroc en Barcelona - Barcelona Gesti\u00f3 Urban\u00edstica SA ha adjudicat a Benito Arn\u00f3 el contracte relatiu a les obres del projecte d\u2019urbanitzaci\u00f3 i infraestructura del c. Marroc,","og_url":"https:\/\/www.arno.es\/ca\/adjudicacion-de-urbanizacion-e-infraestructura-de-la-c-marroc-en-barcelona\/","og_site_name":"Benito Arn\u00f3","article_publisher":"https:\/\/www.facebook.com\/BenitoArno\/","article_published_time":"2016-10-25T08:29:33+00:00","article_modified_time":"2016-10-25T10:29:33+00:00","author":"informatica","twitter_card":"summary_large_image","twitter_creator":"@benito_arno","twitter_site":"@benito_arno","twitter_misc":{"Escrit per":"informatica"},"schema":{"@context":"https:\/\/schema.org","@graph":[{"@type":"Article","@id":"https:\/\/www.arno.es\/ca\/adjudicacion-de-urbanizacion-e-infraestructura-de-la-c-marroc-en-barcelona\/#article","isPartOf":{"@id":"https:\/\/www.arno.es\/ca\/adjudicacion-de-urbanizacion-e-infraestructura-de-la-c-marroc-en-barcelona\/"},"author":{"name":"informatica","@id":"https:\/\/www.arno.es\/ca\/#\/schema\/person\/bac84f64370d13c669d46ad180f7ae59"},"headline":"Adjudicaci\u00f3n de urbanizaci\u00f3n e infraestructura de la c. Marroc en Barcelona","datePublished":"2016-10-25T08:29:33+00:00","dateModified":"2016-10-25T10:29:33+00:00","mainEntityOfPage":{"@id":"https:\/\/www.arno.es\/ca\/adjudicacion-de-urbanizacion-e-infraestructura-de-la-c-marroc-en-barcelona\/"},"wordCount":69,"commentCount":0,"publisher":{"@id":"https:\/\/www.arno.es\/ca\/#organization"},"articleSection":["Adjudicaciones","Adjudicacions"],"inLanguage":"ca","potentialAction":[{"@type":"CommentAction","name":"Comment","target":["https:\/\/www.arno.es\/ca\/adjudicacion-de-urbanizacion-e-infraestructura-de-la-c-marroc-en-barcelona\/#respond"]}]},{"@type":"WebPage","@id":"https:\/\/www.arno.es\/ca\/adjudicacion-de-urbanizacion-e-infraestructura-de-la-c-marroc-en-barcelona\/","url":"https:\/\/www.arno.es\/ca\/adjudicacion-de-urbanizacion-e-infraestructura-de-la-c-marroc-en-barcelona\/","name":"Adjudicaci\u00f3n de urbanizaci\u00f3n e infraestructura de la c. Marroc en Barcelona - Benito Arn\u00f3","isPartOf":{"@id":"https:\/\/www.arno.es\/ca\/#website"},"datePublished":"2016-10-25T08:29:33+00:00","dateModified":"2016-10-25T10:29:33+00:00","description":"Adjudicaci\u00f3n de urbanizaci\u00f3n e infraestructura de la c. Marroc en Barcelona - Barcelona Gesti\u00f3 Urban\u00edstica SA ha adjudicat a Benito Arn\u00f3 el contracte relatiu a les obres del projecte d\u2019urbanitzaci\u00f3 i infraestructura del c. Marroc,","breadcrumb":{"@id":"https:\/\/www.arno.es\/ca\/adjudicacion-de-urbanizacion-e-infraestructura-de-la-c-marroc-en-barcelona\/#breadcrumb"},"inLanguage":"ca","potentialAction":[{"@type":"ReadAction","target":["https:\/\/www.arno.es\/ca\/adjudicacion-de-urbanizacion-e-infraestructura-de-la-c-marroc-en-barcelona\/"]}]},{"@type":"BreadcrumbList","@id":"https:\/\/www.arno.es\/ca\/adjudicacion-de-urbanizacion-e-infraestructura-de-la-c-marroc-en-barcelona\/#breadcrumb","itemListElement":[{"@type":"ListItem","position":1,"name":"Portada","item":"https:\/\/www.arno.es\/ca\/"},{"@type":"ListItem","position":2,"name":"Adjudicaci\u00f3n de urbanizaci\u00f3n e infraestructura de la c. Marroc en Barcelona"}]},{"@type":"WebSite","@id":"https:\/\/www.arno.es\/ca\/#website","url":"https:\/\/www.arno.es\/ca\/","name":"Benito Arn\u00f3","description":"[:es]Construcci\u00f3n y servicios[:ca]Construcci\u00f3 i serveis[:]","publisher":{"@id":"https:\/\/www.arno.es\/ca\/#organization"},"potentialAction":[{"@type":"SearchAction","target":{"@type":"EntryPoint","urlTemplate":"https:\/\/www.arno.es\/ca\/?s={search_term_string}"},"query-input":{"@type":"PropertyValueSpecification","valueRequired":true,"valueName":"search_term_string"}}],"inLanguage":"ca"},{"@type":"Organization","@id":"https:\/\/www.arno.es\/ca\/#organization","name":"Benito Arn\u00f3 e Hijos","url":"https:\/\/www.arno.es\/ca\/","logo":{"@type":"ImageObject","inLanguage":"ca","@id":"https:\/\/www.arno.es\/ca\/#\/schema\/logo\/image\/","url":"https:\/\/www.arno.es\/wp-content\/uploads\/2018\/10\/ARNO-Logo-web-1.png","contentUrl":"https:\/\/www.arno.es\/wp-content\/uploads\/2018\/10\/ARNO-Logo-web-1.png","width":186,"height":75,"caption":"Benito Arn\u00f3 e Hijos"},"image":{"@id":"https:\/\/www.arno.es\/ca\/#\/schema\/logo\/image\/"},"sameAs":["https:\/\/www.facebook.com\/BenitoArno\/","https:\/\/x.com\/benito_arno","https:\/\/www.instagram.com\/benito_arno\/","https:\/\/www.linkedin.com\/company\/benitoarno","https:\/\/www.youtube.com\/c\/benitoarno"]},{"@type":"Person","@id":"https:\/\/www.arno.es\/ca\/#\/schema\/person\/bac84f64370d13c669d46ad180f7ae59","name":"informatica","image":{"@type":"ImageObject","inLanguage":"ca","@id":"https:\/\/secure.gravatar.com\/avatar\/938e0dc1b724760dca5dfdbb6deca4158318d7c080f31b5e1c252453dffa8a76?s=96&d=mm&r=g","url":"https:\/\/secure.gravatar.com\/avatar\/938e0dc1b724760dca5dfdbb6deca4158318d7c080f31b5e1c252453dffa8a76?s=96&d=mm&r=g","contentUrl":"https:\/\/secure.gravatar.com\/avatar\/938e0dc1b724760dca5dfdbb6deca4158318d7c080f31b5e1c252453dffa8a76?s=96&d=mm&r=g","caption":"informatica"}}]}},"_links":{"self":[{"href":"https:\/\/www.arno.es\/ca\/wp-json\/wp\/v2\/posts\/19447","targetHints":{"allow":["GET"]}}],"collection":[{"href":"https:\/\/www.arno.es\/ca\/wp-json\/wp\/v2\/posts"}],"about":[{"href":"https:\/\/www.arno.es\/ca\/wp-json\/wp\/v2\/types\/post"}],"author":[{"embeddable":true,"href":"https:\/\/www.arno.es\/ca\/wp-json\/wp\/v2\/users\/11"}],"replies":[{"embeddable":true,"href":"https:\/\/www.arno.es\/ca\/wp-json\/wp\/v2\/comments?post=19447"}],"version-history":[{"count":0,"href":"https:\/\/www.arno.es\/ca\/wp-json\/wp\/v2\/posts\/19447\/revisions"}],"wp:attachment":[{"href":"https:\/\/www.arno.es\/ca\/wp-json\/wp\/v2\/media?parent=19447"}],"wp:term":[{"taxonomy":"category","embeddable":true,"href":"https:\/\/www.arno.es\/ca\/wp-json\/wp\/v2\/categories?post=19447"},{"taxonomy":"post_tag","embeddable":true,"href":"https:\/\/www.arno.es\/ca\/wp-json\/wp\/v2\/tags?post=19447"}],"curies":[{"name":"wp","href":"https:\/\/api.w.org\/{rel}","templated":true}]}}